{"id":2566,"date":"2026-04-13T07:53:07","date_gmt":"2026-04-13T07:53:07","guid":{"rendered":"https:\/\/parquemagicasnavidades.es\/?p=2566"},"modified":"2026-04-13T07:53:07","modified_gmt":"2026-04-13T07:53:07","slug":"que-exposiciones-puedes-ver-en-torrejon-de-ardoz-durante-el-mes-de-abril","status":"publish","type":"post","link":"https:\/\/parquemagicasnavidades.es\/en\/news\/plans\/que-exposiciones-puedes-ver-en-torrejon-de-ardoz-durante-el-mes-de-abril\/","title":{"rendered":"\u00bfQu\u00e9 exposiciones puedes ver en Torrej\u00f3n de Ardoz durante el mes de abril?"},"content":{"rendered":"<p><span style=\"font-weight: 400;\">Abril es un mes donde la luz y el buen tiempo invitan a redescubrir la ciudad. Si est\u00e1s buscando <\/span><a style=\"text-decoration: underline;\" href=\"https:\/\/www.ayto-torrejon.es\/ciudad\/lugares-de-interes\"><b>planes en Torrej\u00f3n de Ardoz<\/b><\/a><span style=\"font-weight: 400;\">, la oferta cultural se convierte en una de las mejores opciones para disfrutar del tiempo libre. La ciudad no solo destaca por sus eventos estacionales, sino por una red de centros culturales que mantienen una agenda vibrante durante todo el a\u00f1o.<\/span><\/p>\n<p><span style=\"font-weight: 400;\">En este art\u00edculo, te detallamos las muestras art\u00edsticas que no te puedes perder y c\u00f3mo organizar tu ruta para aprovechar al m\u00e1ximo la cultura local este mes.<\/span><\/p>\n<h2><b>Exposiciones en Torrej\u00f3n de Ardoz en abril: cultura y planes para todos<\/b><\/h2>\n<p><span style=\"font-weight: 400;\">La red de <\/span><b>centros culturales del municipio <\/b><span style=\"font-weight: 400;\">ofrece una programaci\u00f3n diversa que abarca desde la tradici\u00f3n popular hasta la vanguardia internacional. Lo mejor de estas <\/span><b>exposiciones en Torrej\u00f3n de Ardoz<\/b><span style=\"font-weight: 400;\"> es su accesibilidad, permitiendo que tanto vecinos como visitantes disfruten de obras de gran calidad sin coste alguno.<\/span><\/p>\n<h2><b>Agenda de exposiciones en Torrej\u00f3n de Ardoz este mes de abril<\/b><\/h2>\n<p><span style=\"font-weight: 400;\">Una vez pasada la Semana Santa, la agenda de abril se centra en el talento local y en muestras tem\u00e1ticas que solo estar\u00e1n disponibles unas semanas m\u00e1s. Aqu\u00ed tienes la cartelera real:<\/span><\/p>\n<h3><b>Exposici\u00f3n en el Centro Cultural Las Fronteras<\/b><\/h3>\n<p><span style=\"font-weight: 400;\">Hasta el <\/span><b>5 de mayo<\/b><span style=\"font-weight: 400;\">, puedes visitar la <\/span><b>Exposici\u00f3n colectiva de alumnos del IES Valle Incl\u00e1n<\/b><span style=\"font-weight: 400;\">. Es una oportunidad fant\u00e1stica para ver el talento joven de la ciudad. Adem\u00e1s, apunta en tu agenda: el jueves 24 de abril a las 18:30 h habr\u00e1 un encuentro directo con los artistas para conocer el proceso creativo de las obras.<\/span><\/p>\n<h3><b>Exposici\u00f3n en el Centro Cultural El Parque<\/b><\/h3>\n<p><span style=\"font-weight: 400;\">A partir de la segunda quincena de abril, este centro inaugura las esperadas <\/span><b>Exposiciones de los talleres de fin de curso<\/b><span style=\"font-weight: 400;\">. La primera en abrir fuego es la de <\/span><b>Corte y confecci\u00f3n<\/b><span style=\"font-weight: 400;\"> (desde el 25 de abril), una muestra donde se aprecia la maestr\u00eda artesanal de los alumnos de Torrej\u00f3n.<\/span><\/p>\n<h3><b>Exposici\u00f3n en el Centro Cultural Rafael Alberti<\/b><\/h3>\n<p><span style=\"font-weight: 400;\">En el barrio de La Ca\u00f1ada, tienes una doble cita antes de que termine el mes:<\/span><\/p>\n<ul>\n<li style=\"font-weight: 400;\" aria-level=\"1\"><b>&#8220;Naturaleza del color&#8221;<\/b><span style=\"font-weight: 400;\">: La exposici\u00f3n de pintura de Boris Albarr\u00e1n, disponible hasta el <\/span><b>26 de abril<\/b><span style=\"font-weight: 400;\">. Una explosi\u00f3n de pigmentos que marida perfectamente con la primavera.<\/span><\/li>\n<li style=\"font-weight: 400;\" aria-level=\"1\"><b>&#8220;Remembers flyers&#8221;<\/b><span style=\"font-weight: 400;\">: Un mural nost\u00e1lgico con entradas y flyers de discotecas de los a\u00f1os 90, que podr\u00e1s ver en el vest\u00edbulo hasta el <\/span><b>29 de abril<\/b><span style=\"font-weight: 400;\">.<\/span><\/li>\n<\/ul>\n<h3><b>Exposici\u00f3n en el Museo de la Ciudad y La Caja del Arte<\/b><\/h3>\n<ul>\n<li style=\"font-weight: 400;\" aria-level=\"1\"><b>Museo de la Ciudad:<\/b><span style=\"font-weight: 400;\"> Tras el \u00e9xito de los Playmobil, el museo acoge la muestra <\/span><b>&#8220;Arte marroqu\u00ed: Tradici\u00f3n y creaci\u00f3n femenina&#8221;<\/b><span style=\"font-weight: 400;\">, que estar\u00e1 disponible hasta el <\/span><b>12 de abril<\/b><span style=\"font-weight: 400;\">. Si buscas algo posterior, la exposici\u00f3n <\/span><b>&#8220;Universos Paralelos&#8221;<\/b><span style=\"font-weight: 400;\"> toma el relevo con una retrospectiva art\u00edstica \u00fanica.<\/span><\/li>\n<li style=\"font-weight: 400;\" aria-level=\"1\"><b>La Caja del Arte:<\/b><span style=\"font-weight: 400;\"> No te pierdas <\/span><b>&#8220;Faces&#8221; de Herms Blck<\/b><span style=\"font-weight: 400;\">, una impactante colecci\u00f3n de retratos que estar\u00e1 expuesta del 7 al <\/span><b>29 de abril<\/b><span style=\"font-weight: 400;\">.<\/span><\/li>\n<\/ul>\n<h2><b>Qu\u00e9 tipo de exposiciones puedes encontrar en Torrej\u00f3n de Ardoz<\/b><\/h2>\n<p><span style=\"font-weight: 400;\">La variedad es la se\u00f1a de identidad de la <\/span><strong><a style=\"text-decoration: underline;\" href=\"https:\/\/www.ayto-torrejon.es\/noticia\/nota-de-prensa\/los-centros-culturales-de-torrejon-de-ardoz-ofrecen-durante-estos-dias-13\">cultura torrejonera<\/a><\/strong><span style=\"font-weight: 400;\"><strong>.<\/strong> En tu recorrido por los centros, podr\u00e1s disfrutar de:<\/span><\/p>\n<ul>\n<li style=\"font-weight: 400;\" aria-level=\"1\"><b>Exposiciones de arte contempor\u00e1neo:<\/b><span style=\"font-weight: 400;\"> Como las muestras en La Caja del Arte.<\/span><\/li>\n<li style=\"font-weight: 400;\" aria-level=\"1\"><b>Fotograf\u00eda y Dise\u00f1o:<\/b><span style=\"font-weight: 400;\"> Colecciones que mezclan t\u00e9cnicas cl\u00e1sicas y digitales.<\/span><\/li>\n<li style=\"font-weight: 400;\" aria-level=\"1\"><b>Artesan\u00eda y Tradici\u00f3n:<\/b><span style=\"font-weight: 400;\"> Muestras de talleres locales que mantienen vivos oficios como el tapiz o la costura.<\/span><\/li>\n<li style=\"font-weight: 400;\" aria-level=\"1\"><b>Muestras de artistas locales:<\/b><span style=\"font-weight: 400;\"> Un escaparate esencial para el talento de nuestros vecinos.<\/span><\/li>\n<\/ul>\n<h2><b>Mejores planes en Torrej\u00f3n de Ardoz en abril relacionados con la cultura<\/b><\/h2>\n<h3><b>Visitar exposiciones gratuitas<\/b><\/h3>\n<p><span style=\"font-weight: 400;\">Casi la totalidad de las salas municipales ofrecen entrada libre. Es un lujo poder disfrutar de una tarde de museos sin necesidad de reserva previa.<\/span><\/p>\n<h3><b>Combinar cultura + paseo por la ciudad<\/b><\/h3>\n<p><span style=\"font-weight: 400;\">Un plan estrella es visitar una <\/span><b>exposici\u00f3n + paseo por el Parque Europa<\/b><span style=\"font-weight: 400;\">, donde la cultura se traslada a los monumentos al aire libre. Si a\u00fan no conoces este espacio, te contamos <\/span><strong><a style=\"text-decoration: underline;\" href=\"https:\/\/parquemagicasnavidades.es\/en\/news\/location\/por-que-no-te-puedes-perder-el-parque-de-europa-de-torrejon-de-ardoz\/\">por qu\u00e9 no te puedes perder el Parque de Europa de Torrej\u00f3n de Ardoz<\/a><\/strong><span style=\"font-weight: 400;\"> en nuestra gu\u00eda detallada.<\/span><\/p>\n<h3><b>Planes en familia<\/b><\/h3>\n<ul>\n<li style=\"font-weight: 400;\" aria-level=\"1\"><b>Cultura para j\u00f3venes:<\/b><span style=\"font-weight: 400;\"> La exposici\u00f3n del IES Valle Incl\u00e1n en Las Fronteras es ideal para adolescentes interesados en el arte.<\/span><\/li>\n<li style=\"font-weight: 400;\" aria-level=\"1\"><b>Cine y Expos:<\/b><span style=\"font-weight: 400;\"> Puedes ver una muestra en la Casa de la Cultura y quedarte a los <\/span><b>\u201cJueves de Cine\u201d<\/b><span style=\"font-weight: 400;\"> (proyecciones gratuitas a las 19:00h).<\/span><\/li>\n<\/ul>\n<h2><b>D\u00f3nde ver exposiciones en Torrej\u00f3n de Ardoz: principales espacios culturales<\/b><\/h2>\n<ul>\n<li style=\"font-weight: 400;\" aria-level=\"1\"><b>Centro Cultural Las Fronteras:<\/b><span style=\"font-weight: 400;\"> C\/ Salvador Allende, 7.<\/span><\/li>\n<li style=\"font-weight: 400;\" aria-level=\"1\"><b>Centro Cultural El Parque:<\/b><span style=\"font-weight: 400;\"> C\/ Hilados s\/n.<\/span><\/li>\n<li style=\"font-weight: 400;\" aria-level=\"1\"><b>Centro Cultural Rafael Alberti:<\/b><span style=\"font-weight: 400;\"> C\/ Ca\u00f1ada, 50.<\/span><\/li>\n<li style=\"font-weight: 400;\" aria-level=\"1\"><b>La Caja del Arte:<\/b><span style=\"font-weight: 400;\"> C\/ Joaqu\u00edn Blume esquina calle Eos.<\/span><\/li>\n<\/ul>\n<h2><b>Algunos tips para disfrutar de las exposiciones en Torrej\u00f3n de Ardoz<\/b><\/h2>\n<ol>\n<li style=\"font-weight: 400;\" aria-level=\"1\"><b>Revisa las fechas de cierre:<\/b><span style=\"font-weight: 400;\"> Muchas exposiciones de abril terminan entre el d\u00eda 26 y el 30 para dar paso a la programaci\u00f3n de mayo.<\/span><\/li>\n<li style=\"font-weight: 400;\" aria-level=\"1\"><b>S\u00e1bados de ma\u00f1ana:<\/b><span style=\"font-weight: 400;\"> Los centros culturales suelen abrir los s\u00e1bados de 10:00 a 14:00h, ideal para un plan matutino.<\/span><\/li>\n<li style=\"font-weight: 400;\" aria-level=\"1\"><b>Museo de la Ciudad:<\/b><span style=\"font-weight: 400;\"> Recuerda que el Museo cierra lunes y martes. El resto de d\u00edas abre en horario de ma\u00f1ana y tarde.<\/span><\/li>\n<\/ol>\n<h2><b>FAQs sobre exposiciones en Torrej\u00f3n de Ardoz<\/b><\/h2>\n<h3><b>1. \u00bfQu\u00e9 exposiciones hay en Torrej\u00f3n de Ardoz este mes?<\/b><\/h3>\n<p><span style=\"font-weight: 400;\">Entre las <\/span><strong><a style=\"text-decoration: underline;\" href=\"https:\/\/www.ayto-torrejon.es\/noticia\/nota-de-prensa\/los-centros-culturales-de-torrejon-de-ardoz-ofrecen-durante-estos-dias-13\">exposiciones que puedes ver en abril en Torrej\u00f3n de Ardoz<\/a><\/strong><span style=\"font-weight: 400;\"> destacan &#8220;Faces&#8221; en La Caja del Arte, la muestra de arte marroqu\u00ed en el Museo de la Ciudad y la exposici\u00f3n colectiva del IES Valle Incl\u00e1n en Las Fronteras.<\/span><\/p>\n<h3><b>2. \u00bfLas exposiciones en Torrej\u00f3n de Ardoz son gratis?<\/b><\/h3>\n<p><span style=\"font-weight: 400;\">S\u00ed, todas las exposiciones mencionadas en los centros culturales y el Museo de la Ciudad son de acceso gratuito.<\/span><\/p>\n<h3><b>3. \u00bfD\u00f3nde consultar la agenda cultural de Torrej\u00f3n?<\/b><\/h3>\n<p><span style=\"font-weight: 400;\">La fuente m\u00e1s fiable es el <\/span><strong><a style=\"text-decoration: underline;\" href=\"https:\/\/cultura.ayto-torrejon.es\/\">portal de cultura del Ayuntamiento de Torrej\u00f3n de Ardoz<\/a><\/strong><span style=\"font-weight: 400;\"><strong>,<\/strong> que actualiza semanalmente las nuevas incorporaciones a la agenda.<\/span><\/p>","protected":false},"excerpt":{"rendered":"<p>Abril es un mes donde la luz y el buen tiempo invitan a redescubrir la ciudad. Si est\u00e1s buscando planes en Torrej\u00f3n de Ardoz, la oferta cultural se convierte en una de las mejores opciones para disfrutar del tiempo libre. La ciudad no solo destaca por sus eventos estacionales, sino por una red de centros [&hellip;]<\/p>","protected":false},"author":3,"featured_media":2567,"comment_status":"open","ping_status":"open","sticky":false,"template":"","format":"standard","meta":{"_acf_changed":false,"footnotes":""},"categories":[38],"tags":[],"class_list":["post-2566","post","type-post","status-publish","format-standard","has-post-thumbnail","hentry","category-planes"],"acf":[],"yoast_head":"<!-- This site is optimized with the Yoast SEO plugin v26.0 - https:\/\/yoast.com\/wordpress\/plugins\/seo\/ -->\n<title>Exposiciones en Torrej\u00f3n de Ardoz en abril: qu\u00e9 ver y planes<\/title>\n<meta name=\"description\" content=\"Descubre las exposiciones en Torrej\u00f3n de Ardoz este mes de abril: arte marroqu\u00ed, pintura contempor\u00e1nea y los talleres culturales m\u00e1s esperados\" \/>\n<meta name=\"robots\" content=\"index, follow, max-snippet:-1, max-image-preview:large, max-video-preview:-1\" \/>\n<link rel=\"canonical\" href=\"https:\/\/parquemagicasnavidades.es\/en\/news\/plans\/que-exposiciones-puedes-ver-en-torrejon-de-ardoz-durante-el-mes-de-abril\/\" \/>\n<meta property=\"og:locale\" content=\"en_US\" \/>\n<meta property=\"og:type\" content=\"article\" \/>\n<meta property=\"og:title\" content=\"Exposiciones en Torrej\u00f3n de Ardoz en abril: qu\u00e9 ver y planes\" \/>\n<meta property=\"og:description\" content=\"Descubre las exposiciones en Torrej\u00f3n de Ardoz este mes de abril: arte marroqu\u00ed, pintura contempor\u00e1nea y los talleres culturales m\u00e1s esperados\" \/>\n<meta property=\"og:url\" content=\"https:\/\/parquemagicasnavidades.es\/en\/news\/plans\/que-exposiciones-puedes-ver-en-torrejon-de-ardoz-durante-el-mes-de-abril\/\" \/>\n<meta property=\"og:site_name\" content=\"Parque M\u00e1gicas Navidades\" \/>\n<meta property=\"article:published_time\" content=\"2026-04-13T07:53:07+00:00\" \/>\n<meta property=\"og:image\" content=\"https:\/\/parquemagicasnavidades.es\/wp-content\/uploads\/2026\/04\/Magicas-navidades_25_2225-scaled.webp\" \/>\n\t<meta property=\"og:image:width\" content=\"2560\" \/>\n\t<meta property=\"og:image:height\" content=\"1708\" \/>\n\t<meta property=\"og:image:type\" content=\"image\/webp\" \/>\n<meta name=\"author\" content=\"Productores de Sonrisas\" \/>\n<meta name=\"twitter:card\" content=\"summary_large_image\" \/>\n<meta name=\"twitter:label1\" content=\"Written by\" \/>\n\t<meta name=\"twitter:data1\" content=\"Productores de Sonrisas\" \/>\n\t<meta name=\"twitter:label2\" content=\"Est. reading time\" \/>\n\t<meta name=\"twitter:data2\" content=\"5 minutes\" \/>\n<script type=\"application\/ld+json\" class=\"yoast-schema-graph\">{\"@context\":\"https:\/\/schema.org\",\"@graph\":[{\"@type\":\"WebPage\",\"@id\":\"https:\/\/parquemagicasnavidades.es\/noticias\/planes\/que-exposiciones-puedes-ver-en-torrejon-de-ardoz-durante-el-mes-de-abril\/\",\"url\":\"https:\/\/parquemagicasnavidades.es\/noticias\/planes\/que-exposiciones-puedes-ver-en-torrejon-de-ardoz-durante-el-mes-de-abril\/\",\"name\":\"Exposiciones en Torrej\u00f3n de Ardoz en abril: qu\u00e9 ver y planes\",\"isPartOf\":{\"@id\":\"https:\/\/parquemagicasnavidades.es\/#website\"},\"primaryImageOfPage\":{\"@id\":\"https:\/\/parquemagicasnavidades.es\/noticias\/planes\/que-exposiciones-puedes-ver-en-torrejon-de-ardoz-durante-el-mes-de-abril\/#primaryimage\"},\"image\":{\"@id\":\"https:\/\/parquemagicasnavidades.es\/noticias\/planes\/que-exposiciones-puedes-ver-en-torrejon-de-ardoz-durante-el-mes-de-abril\/#primaryimage\"},\"thumbnailUrl\":\"https:\/\/parquemagicasnavidades.es\/wp-content\/uploads\/2026\/04\/Magicas-navidades_25_2225-scaled.webp\",\"datePublished\":\"2026-04-13T07:53:07+00:00\",\"author\":{\"@id\":\"https:\/\/parquemagicasnavidades.es\/#\/schema\/person\/3b30469af9b00f52f88879d699f3dfed\"},\"description\":\"Descubre las exposiciones en Torrej\u00f3n de Ardoz este mes de abril: arte marroqu\u00ed, pintura contempor\u00e1nea y los talleres culturales m\u00e1s esperados\",\"breadcrumb\":{\"@id\":\"https:\/\/parquemagicasnavidades.es\/noticias\/planes\/que-exposiciones-puedes-ver-en-torrejon-de-ardoz-durante-el-mes-de-abril\/#breadcrumb\"},\"inLanguage\":\"en-US\",\"potentialAction\":[{\"@type\":\"ReadAction\",\"target\":[\"https:\/\/parquemagicasnavidades.es\/noticias\/planes\/que-exposiciones-puedes-ver-en-torrejon-de-ardoz-durante-el-mes-de-abril\/\"]}]},{\"@type\":\"ImageObject\",\"inLanguage\":\"en-US\",\"@id\":\"https:\/\/parquemagicasnavidades.es\/noticias\/planes\/que-exposiciones-puedes-ver-en-torrejon-de-ardoz-durante-el-mes-de-abril\/#primaryimage\",\"url\":\"https:\/\/parquemagicasnavidades.es\/wp-content\/uploads\/2026\/04\/Magicas-navidades_25_2225-scaled.webp\",\"contentUrl\":\"https:\/\/parquemagicasnavidades.es\/wp-content\/uploads\/2026\/04\/Magicas-navidades_25_2225-scaled.webp\",\"width\":2560,\"height\":1708,\"caption\":\"exposiciones torrej\u00f3n de ardoz\"},{\"@type\":\"BreadcrumbList\",\"@id\":\"https:\/\/parquemagicasnavidades.es\/noticias\/planes\/que-exposiciones-puedes-ver-en-torrejon-de-ardoz-durante-el-mes-de-abril\/#breadcrumb\",\"itemListElement\":[{\"@type\":\"ListItem\",\"position\":1,\"name\":\"Portada\",\"item\":\"https:\/\/parquemagicasnavidades.es\/es\/\"},{\"@type\":\"ListItem\",\"position\":2,\"name\":\"\u00bfQu\u00e9 exposiciones puedes ver en Torrej\u00f3n de Ardoz durante el mes de abril?\"}]},{\"@type\":\"WebSite\",\"@id\":\"https:\/\/parquemagicasnavidades.es\/#website\",\"url\":\"https:\/\/parquemagicasnavidades.es\/\",\"name\":\"Parque M\u00e1gicas Navidades\",\"description\":\"\",\"potentialAction\":[{\"@type\":\"SearchAction\",\"target\":{\"@type\":\"EntryPoint\",\"urlTemplate\":\"https:\/\/parquemagicasnavidades.es\/?s={search_term_string}\"},\"query-input\":{\"@type\":\"PropertyValueSpecification\",\"valueRequired\":true,\"valueName\":\"search_term_string\"}}],\"inLanguage\":\"en-US\"},{\"@type\":\"Person\",\"@id\":\"https:\/\/parquemagicasnavidades.es\/#\/schema\/person\/3b30469af9b00f52f88879d699f3dfed\",\"name\":\"Productores de Sonrisas\",\"image\":{\"@type\":\"ImageObject\",\"inLanguage\":\"en-US\",\"@id\":\"https:\/\/parquemagicasnavidades.es\/#\/schema\/person\/image\/\",\"url\":\"https:\/\/secure.gravatar.com\/avatar\/c95b3ea3b92d729a1ba2d449260427bf5f37f4d4fa5ec7427c809ef7bc2d6038?s=96&d=mm&r=g\",\"contentUrl\":\"https:\/\/secure.gravatar.com\/avatar\/c95b3ea3b92d729a1ba2d449260427bf5f37f4d4fa5ec7427c809ef7bc2d6038?s=96&d=mm&r=g\",\"caption\":\"Productores de Sonrisas\"},\"url\":\"https:\/\/parquemagicasnavidades.es\/en\/noticias\/author\/alejandro\/\"}]}<\/script>\n<!-- \/ Yoast SEO plugin. -->","yoast_head_json":{"title":"Exposiciones en Torrej\u00f3n de Ardoz en abril: qu\u00e9 ver y planes","description":"Descubre las exposiciones en Torrej\u00f3n de Ardoz este mes de abril: arte marroqu\u00ed, pintura contempor\u00e1nea y los talleres culturales m\u00e1s esperados","robots":{"index":"index","follow":"follow","max-snippet":"max-snippet:-1","max-image-preview":"max-image-preview:large","max-video-preview":"max-video-preview:-1"},"canonical":"https:\/\/parquemagicasnavidades.es\/en\/news\/plans\/que-exposiciones-puedes-ver-en-torrejon-de-ardoz-durante-el-mes-de-abril\/","og_locale":"en_US","og_type":"article","og_title":"Exposiciones en Torrej\u00f3n de Ardoz en abril: qu\u00e9 ver y planes","og_description":"Descubre las exposiciones en Torrej\u00f3n de Ardoz este mes de abril: arte marroqu\u00ed, pintura contempor\u00e1nea y los talleres culturales m\u00e1s esperados","og_url":"https:\/\/parquemagicasnavidades.es\/en\/news\/plans\/que-exposiciones-puedes-ver-en-torrejon-de-ardoz-durante-el-mes-de-abril\/","og_site_name":"Parque M\u00e1gicas Navidades","article_published_time":"2026-04-13T07:53:07+00:00","og_image":[{"width":2560,"height":1708,"url":"https:\/\/parquemagicasnavidades.es\/wp-content\/uploads\/2026\/04\/Magicas-navidades_25_2225-scaled.webp","type":"image\/webp"}],"author":"Productores de Sonrisas","twitter_card":"summary_large_image","twitter_misc":{"Written by":"Productores de Sonrisas","Est. reading time":"5 minutes"},"schema":{"@context":"https:\/\/schema.org","@graph":[{"@type":"WebPage","@id":"https:\/\/parquemagicasnavidades.es\/noticias\/planes\/que-exposiciones-puedes-ver-en-torrejon-de-ardoz-durante-el-mes-de-abril\/","url":"https:\/\/parquemagicasnavidades.es\/noticias\/planes\/que-exposiciones-puedes-ver-en-torrejon-de-ardoz-durante-el-mes-de-abril\/","name":"Exposiciones en Torrej\u00f3n de Ardoz en abril: qu\u00e9 ver y planes","isPartOf":{"@id":"https:\/\/parquemagicasnavidades.es\/#website"},"primaryImageOfPage":{"@id":"https:\/\/parquemagicasnavidades.es\/noticias\/planes\/que-exposiciones-puedes-ver-en-torrejon-de-ardoz-durante-el-mes-de-abril\/#primaryimage"},"image":{"@id":"https:\/\/parquemagicasnavidades.es\/noticias\/planes\/que-exposiciones-puedes-ver-en-torrejon-de-ardoz-durante-el-mes-de-abril\/#primaryimage"},"thumbnailUrl":"https:\/\/parquemagicasnavidades.es\/wp-content\/uploads\/2026\/04\/Magicas-navidades_25_2225-scaled.webp","datePublished":"2026-04-13T07:53:07+00:00","author":{"@id":"https:\/\/parquemagicasnavidades.es\/#\/schema\/person\/3b30469af9b00f52f88879d699f3dfed"},"description":"Descubre las exposiciones en Torrej\u00f3n de Ardoz este mes de abril: arte marroqu\u00ed, pintura contempor\u00e1nea y los talleres culturales m\u00e1s esperados","breadcrumb":{"@id":"https:\/\/parquemagicasnavidades.es\/noticias\/planes\/que-exposiciones-puedes-ver-en-torrejon-de-ardoz-durante-el-mes-de-abril\/#breadcrumb"},"inLanguage":"en-US","potentialAction":[{"@type":"ReadAction","target":["https:\/\/parquemagicasnavidades.es\/noticias\/planes\/que-exposiciones-puedes-ver-en-torrejon-de-ardoz-durante-el-mes-de-abril\/"]}]},{"@type":"ImageObject","inLanguage":"en-US","@id":"https:\/\/parquemagicasnavidades.es\/noticias\/planes\/que-exposiciones-puedes-ver-en-torrejon-de-ardoz-durante-el-mes-de-abril\/#primaryimage","url":"https:\/\/parquemagicasnavidades.es\/wp-content\/uploads\/2026\/04\/Magicas-navidades_25_2225-scaled.webp","contentUrl":"https:\/\/parquemagicasnavidades.es\/wp-content\/uploads\/2026\/04\/Magicas-navidades_25_2225-scaled.webp","width":2560,"height":1708,"caption":"exposiciones torrej\u00f3n de ardoz"},{"@type":"BreadcrumbList","@id":"https:\/\/parquemagicasnavidades.es\/noticias\/planes\/que-exposiciones-puedes-ver-en-torrejon-de-ardoz-durante-el-mes-de-abril\/#breadcrumb","itemListElement":[{"@type":"ListItem","position":1,"name":"Portada","item":"https:\/\/parquemagicasnavidades.es\/es\/"},{"@type":"ListItem","position":2,"name":"\u00bfQu\u00e9 exposiciones puedes ver en Torrej\u00f3n de Ardoz durante el mes de abril?"}]},{"@type":"WebSite","@id":"https:\/\/parquemagicasnavidades.es\/#website","url":"https:\/\/parquemagicasnavidades.es\/","name":"Parque M\u00e1gicas Navidades","description":"","potentialAction":[{"@type":"SearchAction","target":{"@type":"EntryPoint","urlTemplate":"https:\/\/parquemagicasnavidades.es\/?s={search_term_string}"},"query-input":{"@type":"PropertyValueSpecification","valueRequired":true,"valueName":"search_term_string"}}],"inLanguage":"en-US"},{"@type":"Person","@id":"https:\/\/parquemagicasnavidades.es\/#\/schema\/person\/3b30469af9b00f52f88879d699f3dfed","name":"Productores de Sonrisas","image":{"@type":"ImageObject","inLanguage":"en-US","@id":"https:\/\/parquemagicasnavidades.es\/#\/schema\/person\/image\/","url":"https:\/\/secure.gravatar.com\/avatar\/c95b3ea3b92d729a1ba2d449260427bf5f37f4d4fa5ec7427c809ef7bc2d6038?s=96&d=mm&r=g","contentUrl":"https:\/\/secure.gravatar.com\/avatar\/c95b3ea3b92d729a1ba2d449260427bf5f37f4d4fa5ec7427c809ef7bc2d6038?s=96&d=mm&r=g","caption":"Productores de Sonrisas"},"url":"https:\/\/parquemagicasnavidades.es\/en\/noticias\/author\/alejandro\/"}]}},"_links":{"self":[{"href":"https:\/\/parquemagicasnavidades.es\/en\/wp-json\/wp\/v2\/posts\/2566","targetHints":{"allow":["GET"]}}],"collection":[{"href":"https:\/\/parquemagicasnavidades.es\/en\/wp-json\/wp\/v2\/posts"}],"about":[{"href":"https:\/\/parquemagicasnavidades.es\/en\/wp-json\/wp\/v2\/types\/post"}],"author":[{"embeddable":true,"href":"https:\/\/parquemagicasnavidades.es\/en\/wp-json\/wp\/v2\/users\/3"}],"replies":[{"embeddable":true,"href":"https:\/\/parquemagicasnavidades.es\/en\/wp-json\/wp\/v2\/comments?post=2566"}],"version-history":[{"count":1,"href":"https:\/\/parquemagicasnavidades.es\/en\/wp-json\/wp\/v2\/posts\/2566\/revisions"}],"predecessor-version":[{"id":2568,"href":"https:\/\/parquemagicasnavidades.es\/en\/wp-json\/wp\/v2\/posts\/2566\/revisions\/2568"}],"wp:featuredmedia":[{"embeddable":true,"href":"https:\/\/parquemagicasnavidades.es\/en\/wp-json\/wp\/v2\/media\/2567"}],"wp:attachment":[{"href":"https:\/\/parquemagicasnavidades.es\/en\/wp-json\/wp\/v2\/media?parent=2566"}],"wp:term":[{"taxonomy":"category","embeddable":true,"href":"https:\/\/parquemagicasnavidades.es\/en\/wp-json\/wp\/v2\/categories?post=2566"},{"taxonomy":"post_tag","embeddable":true,"href":"https:\/\/parquemagicasnavidades.es\/en\/wp-json\/wp\/v2\/tags?post=2566"}],"curies":[{"name":"wp","href":"https:\/\/api.w.org\/{rel}","templated":true}]}}