{"id":2433,"date":"2025-12-16T08:51:02","date_gmt":"2025-12-16T08:51:02","guid":{"rendered":"https:\/\/parquemagicasnavidades.es\/?p=2433"},"modified":"2025-12-17T09:34:43","modified_gmt":"2025-12-17T09:34:43","slug":"navidad-en-torrejon-que-novedades-encontraras-en-magicas-navidades","status":"publish","type":"post","link":"https:\/\/parquemagicasnavidades.es\/es\/noticias\/consejos\/navidad-en-torrejon-que-novedades-encontraras-en-magicas-navidades\/","title":{"rendered":"Navidad en Torrej\u00f3n: \u00bfQu\u00e9 novedades encontrar\u00e1s en M\u00e1gicas Navidades?"},"content":{"rendered":"<p><span style=\"font-weight: 400;\">Torrej\u00f3n de Ardoz ha sido reconocida como <\/span><b>la Capital Europea de la Navidad<\/b><span style=\"font-weight: 400;\">, y cada temporada se reinventa para ofrecer algo m\u00e1s. Este a\u00f1o, el parque presenta nuevas atracciones, experiencias y zonas combinando tradici\u00f3n con tecnolog\u00eda y creatividad.<\/span><br \/>\n<span style=\"font-weight: 400;\">Frente a las luces del centro de Madrid o los mercados tradicionales, <\/span><b>la Navidad en Torrej\u00f3n<\/b><span style=\"font-weight: 400;\"> se vive en un recinto tem\u00e1tico cerrado, seguro y dise\u00f1ado para todos los p\u00fablicos. Aqu\u00ed no solo se pasea: se participa, se juega, se r\u00ede, se fotograf\u00eda&#8230; y se crean recuerdos inolvidables.<\/span><\/p>\n<h2><b>Principales novedades de M\u00e1gicas Navidades de este a\u00f1o<\/b><\/h2>\n<p><span style=\"font-weight: 400;\">El parque crece con nuevas zonas ambientadas. Entre ellas, destaca el <\/span><b>Espacio Nintendo<\/b><span style=\"font-weight: 400;\">, una de las incorporaciones m\u00e1s esperadas de esta edici\u00f3n. Un \u00e1rea pensada para disfrutar en familia, con 48 puestos de juego donde grandes y peque\u00f1os pueden divertirse con algunos de los t\u00edtulos m\u00e1s emblem\u00e1ticos de la compa\u00f1\u00eda. Adem\u00e1s, la <\/span><b>Ciudad de la Navidad<\/b><span style=\"font-weight: 400;\"> se ampl\u00eda con nuevos escenarios fotogr\u00e1ficos, zonas de descanso cubiertas y espacios ideales para vivir momentos inolvidables.<\/span><span style=\"font-weight: 400;\"><br \/>\n<\/span><\/p>\n<h3><b>Atracciones y espect\u00e1culos in\u00e9ditos para esta edici\u00f3n<\/b><\/h3>\n<p><span style=\"font-weight: 400;\">Este a\u00f1o se han sumado nuevos espect\u00e1culos visuales, como el <\/span><b><a style=\"text-decoration: underline;\" href=\"https:\/\/parquemagicasnavidades.es\/es\/experiencias\/espectaculos\/puerta-magica\/\">videomapping de Casca y Nueces en la Puerta M\u00e1gica<\/a><\/b><span style=\"font-weight: 400;\">, adem\u00e1s de shows en vivo como el Secreto del Grinch, desfiles renovados y zonas interactivas. Pero si hay una experiencia que este a\u00f1o est\u00e1 haciendo so\u00f1ar a grandes y peque\u00f1os, es el <\/span><b><a style=\"text-decoration: underline;\" href=\"https:\/\/parquemagicasnavidades.es\/es\/experiencias\/espectaculos\/vuelo-de-santa\/\">espectacular Vuelo de Santa<\/a><\/b><span style=\"font-weight: 400;\">. Cada noche, Pap\u00e1 Noel surca el cielo del parque en su trineo iluminado, creando uno de los momentos m\u00e1s emocionantes de esta edici\u00f3n. Una cita m\u00e1gica que ya se ha convertido en el instante m\u00e1s esperado del d\u00eda.<\/span><span style=\"font-weight: 400;\"><br \/>\n<\/span><\/p>\n<h3><b>Mejoras en accesos, movilidad y distribuci\u00f3n del recinto<\/b><\/h3>\n<p><span style=\"font-weight: 400;\">Con el objetivo de ofrecer una mejor experiencia, se han redise\u00f1ado los accesos principales, la se\u00f1alizaci\u00f3n interna y las rutas entre zonas, lo que permite una visita m\u00e1s fluida y c\u00f3moda, incluso en d\u00edas de alta afluencia.<\/span><\/p>\n<h3><b><\/b><b>Actualizaciones en servicios: gastronom\u00eda, accesibilidad y \u00e1reas infantiles<\/b><\/h3>\n<p><span style=\"font-weight: 400;\">La oferta gastron\u00f3mica se ha potenciado, con una mayor variedad de propuestas en el <\/span><b><a style=\"text-decoration: underline;\" href=\"https:\/\/parquemagicasnavidades.es\/es\/restauracion\/\">\u00e1rea de restauraci\u00f3n<\/a><\/b><span style=\"font-weight: 400;\">, incluyendo opciones sin gluten, men\u00fas vegetarianos y espacios ambientados para comer sin prisas. Tambi\u00e9n se ha ampliado la zona de juegos y actividades para los m\u00e1s peque\u00f1os, garantizando una experiencia divertida y segura.<\/span><\/p>\n<h2><b>Las zonas imprescindibles que no te puedes perder este a\u00f1o<\/b><\/h2>\n<h3><b>La nueva ambientaci\u00f3n de la Ciudad de la Navidad<\/b><\/h3>\n<p><span style=\"font-weight: 400;\">La llamada <\/span><b>Ciudad de la Navidad Torrej\u00f3n<\/b><span style=\"font-weight: 400;\"> luce m\u00e1s espectacular que nunca. Decoraciones a gran escala, esculturas luminosas, \u00e1rboles gigantes y personajes navide\u00f1os se integran en un entorno lleno de color y m\u00fasica.<\/span><span style=\"font-weight: 400;\"><br \/>\n<\/span><\/p>\n<h3><b>La Avenida M\u00e1gica: luces, m\u00fasica y efectos renovados<\/b><\/h3>\n<p><span style=\"font-weight: 400;\">Este paseo iluminado ha sido completamente redise\u00f1ado para ofrecer un show continuo de luces sincronizadas con m\u00fasica navide\u00f1a, generando una sensaci\u00f3n envolvente que emociona a grandes y peque\u00f1os.<\/span><span style=\"font-weight: 400;\"><br \/>\n<\/span><\/p>\n<h3><b>El \u00e1rea gourmet: propuestas especiales de temporada<\/b><\/h3>\n<p><span style=\"font-weight: 400;\">Adem\u00e1s de los food trucks y puestos habituales, se han incorporado nuevas propuestas en la zona gourmet, con platos calientes de temporada, dulces tradicionales y bebidas calientes que realzan la experiencia sensorial. Adem\u00e1s de los cl\u00e1sicos como la Bierhaus, el Caf\u00e9 de las Lib\u00e9lulas, La zona de Puerta y M\u00e1gica y el Mercado de Navidad.<\/span><\/p>\n<h2><b>Consejos para aprovechar al m\u00e1ximo las novedades<\/b><\/h2>\n<h3><b><\/b><b>\u00bfC\u00f3mo adaptar tu visita a familias, parejas, amigos o seniors?<\/b><\/h3>\n<ul>\n<li style=\"font-weight: 400;\" aria-level=\"1\"><b>Familias con ni\u00f1os<\/b><span style=\"font-weight: 400;\">: lo mejor es ir temprano, aprovechar las zonas infantiles y cerrar la jornada con un espect\u00e1culo visual.<\/span><\/li>\n<li style=\"font-weight: 400;\" aria-level=\"1\"><b>Parejas<\/b><span style=\"font-weight: 400;\">: visitar por la noche, recorrer zonas como el pase de Linternas de Asia o la Noria Gigante, y cenar en la zona gourmet.<\/span><\/li>\n<li style=\"font-weight: 400;\" aria-level=\"1\"><b>Grupos de amigos<\/b><span style=\"font-weight: 400;\">: ideal para disfrutar de atracciones colectivas y brindar en el Bierhaus.<\/span><\/li>\n<li style=\"font-weight: 400;\" aria-level=\"1\"><b>Seniors<\/b><span style=\"font-weight: 400;\">: pasear por la Ciudad de la Navidad y disfrutar del ambiente relajado en zonas menos transitadas.<\/span><span style=\"font-weight: 400;\"><br \/>\n<\/span><\/li>\n<\/ul>\n<h3><b>Los mejores horarios seg\u00fan aforo, luz y clima<\/b><\/h3>\n<ul>\n<li style=\"font-weight: 400;\" aria-level=\"1\"><b>Primera franja horaria (inicio de la tarde)<\/b><span style=\"font-weight: 400;\">: menos afluencia, buena luz para fotos.<\/span><\/li>\n<li style=\"font-weight: 400;\" aria-level=\"1\"><b>\u00daltimo turno del d\u00eda<\/b><span style=\"font-weight: 400;\">: ambiente m\u00e1s \u00edntimo y posibilidad de ver el parque completamente iluminado.<\/span><\/li>\n<li style=\"font-weight: 400;\" aria-level=\"1\"><b>D\u00edas laborables<\/b><span style=\"font-weight: 400;\">: siempre preferibles si buscas una visita m\u00e1s tranquila.<\/span><\/li>\n<\/ul>\n<h3><b>C\u00f3mo llegar a la Ciudad de la Navidad de Torrej\u00f3n<\/b><\/h3>\n<p><span style=\"font-weight: 400;\">La ubicaci\u00f3n del parque es uno de sus puntos fuertes. Puedes acceder f\u00e1cilmente en:<\/span><\/p>\n<ul>\n<li style=\"font-weight: 400;\" aria-level=\"1\"><b>Cercan\u00edas Renfe<\/b><span style=\"font-weight: 400;\"> (l\u00edneas C2 y C7 hasta Torrej\u00f3n de Ardoz)<\/span><\/li>\n<li style=\"font-weight: 400;\" aria-level=\"1\"><b>Autob\u00fas interurbano<\/b><span style=\"font-weight: 400;\"> desde Avenida de Am\u00e9rica<\/span><\/li>\n<li style=\"font-weight: 400;\" aria-level=\"1\"><b>Coche<\/b><span style=\"font-weight: 400;\">, con zonas de aparcamiento habilitadas<\/span><span style=\"font-weight: 400;\"><br \/>\n<\/span><\/li>\n<\/ul>\n<p><span style=\"font-weight: 400;\">Consulta las rutas actualizadas y recomendaciones en la secci\u00f3n de <\/span><b><a style=\"text-decoration: underline;\" href=\"https:\/\/parquemagicasnavidades.es\/es\/noticias\/localizacion\/el-parque-de-navidad-de-madrid-donde-nacen-los-suenos\/\">c\u00f3mo llegar al parque<\/a><\/b><span style=\"font-weight: 400;\">.<\/span><\/p>\n<h2><b>Las novedades que hacen de la Navidad en Torrej\u00f3n un plan \u00fanico este a\u00f1o<\/b><\/h2>\n<ul>\n<li style=\"font-weight: 400;\" aria-level=\"1\"><span style=\"font-weight: 400;\">Expansi\u00f3n de espacios tematizados con ambientaci\u00f3n renovada<\/span><\/li>\n<li style=\"font-weight: 400;\" aria-level=\"1\"><span style=\"font-weight: 400;\">Nuevas experiencias visuales como el videomapping y shows en vivo<\/span><\/li>\n<li style=\"font-weight: 400;\" aria-level=\"1\"><span style=\"font-weight: 400;\">Mayor oferta gastron\u00f3mica y servicios mejorados<\/span><\/li>\n<li style=\"font-weight: 400;\" aria-level=\"1\"><span style=\"font-weight: 400;\">Zonas adaptadas para el disfrute de todos los p\u00fablicos<\/span><\/li>\n<li style=\"font-weight: 400;\" aria-level=\"1\"><span style=\"font-weight: 400;\">Accesos m\u00e1s fluidos y mejor distribuci\u00f3n del recinto<\/span><span style=\"font-weight: 400;\"><br \/>\n<\/span><\/li>\n<\/ul>\n<p><span style=\"font-weight: 400;\">Torrej\u00f3n no solo mantiene el t\u00edtulo de <\/span><b>Ciudad de la Navidad<\/b><span style=\"font-weight: 400;\">, sino que lo refuerza con una propuesta que sigue creciendo y evolucionando a\u00f1o tras a\u00f1o.<\/span><\/p>\n<h2><b>Preguntas frecuentes sobre las novedades de M\u00e1gicas Navidades<\/b><\/h2>\n<h3><b>\u00bfNecesito entrada para acceder a las nuevas zonas?<\/b><\/h3>\n<p><span style=\"font-weight: 400;\">S\u00ed, el acceso a las nuevas zonas est\u00e1 incluido dentro de la entrada general al parque. Puedes consultarlas y adquirirlas desde la <\/span><b><a style=\"text-decoration: underline;\" href=\"https:\/\/parquemagicasnavidades.es\/es\/entradas\/\"><span style=\"font-weight: 400;\">web oficial<\/span><\/a><\/b><span style=\"font-weight: 400;\">.<\/span><\/p>\n<h3><b>\u00bfHay actividades espec\u00edficas para ni\u00f1os en esta edici\u00f3n?<\/b><\/h3>\n<p><span style=\"font-weight: 400;\">S\u00ed, hay zonas infantiles, atracciones y talleres navide\u00f1os pensados especialmente para los m\u00e1s peque\u00f1os.<\/span><\/p>\n","protected":false},"excerpt":{"rendered":"<p>Torrej\u00f3n de Ardoz ha sido reconocida como la Capital Europea de la Navidad, y cada temporada se reinventa para ofrecer algo m\u00e1s. Este a\u00f1o, el parque presenta nuevas atracciones, experiencias y zonas combinando tradici\u00f3n con tecnolog\u00eda y creatividad. Frente a las luces del centro de Madrid o los mercados tradicionales, la Navidad en Torrej\u00f3n se [&hellip;]<\/p>\n","protected":false},"author":3,"featured_media":2434,"comment_status":"open","ping_status":"open","sticky":false,"template":"","format":"standard","meta":{"_acf_changed":false,"footnotes":""},"categories":[39],"tags":[],"class_list":["post-2433","post","type-post","status-publish","format-standard","has-post-thumbnail","hentry","category-consejos"],"acf":[],"yoast_head":"<!-- This site is optimized with the Yoast SEO plugin v26.0 - https:\/\/yoast.com\/wordpress\/plugins\/seo\/ -->\n<title>Navidad en Torrej\u00f3n: novedades de M\u00e1gicas Navidades | M\u00e1gicas Navidades<\/title>\n<meta name=\"description\" content=\"Descubre las novedades de M\u00e1gicas Navidades en Torrej\u00f3n: nuevas zonas, espect\u00e1culos, horarios y consejos para disfrutar la Ciudad de la Navidad este a\u00f1o\" \/>\n<meta name=\"robots\" content=\"index, follow, max-snippet:-1, max-image-preview:large, max-video-preview:-1\" \/>\n<link rel=\"canonical\" href=\"https:\/\/parquemagicasnavidades.es\/es\/noticias\/consejos\/navidad-en-torrejon-que-novedades-encontraras-en-magicas-navidades\/\" \/>\n<meta property=\"og:locale\" content=\"es_ES\" \/>\n<meta property=\"og:type\" content=\"article\" \/>\n<meta property=\"og:title\" content=\"Navidad en Torrej\u00f3n: novedades de M\u00e1gicas Navidades | M\u00e1gicas Navidades\" \/>\n<meta property=\"og:description\" content=\"Descubre las novedades de M\u00e1gicas Navidades en Torrej\u00f3n: nuevas zonas, espect\u00e1culos, horarios y consejos para disfrutar la Ciudad de la Navidad este a\u00f1o\" \/>\n<meta property=\"og:url\" content=\"https:\/\/parquemagicasnavidades.es\/es\/noticias\/consejos\/navidad-en-torrejon-que-novedades-encontraras-en-magicas-navidades\/\" \/>\n<meta property=\"og:site_name\" content=\"Parque M\u00e1gicas Navidades\" \/>\n<meta property=\"article:published_time\" content=\"2025-12-16T08:51:02+00:00\" \/>\n<meta property=\"article:modified_time\" content=\"2025-12-17T09:34:43+00:00\" \/>\n<meta property=\"og:image\" content=\"https:\/\/parquemagicasnavidades.es\/wp-content\/uploads\/2025\/12\/MAGICAS-25_0268__RobertoSastre-scaled.webp\" \/>\n\t<meta property=\"og:image:width\" content=\"2560\" \/>\n\t<meta property=\"og:image:height\" content=\"1708\" \/>\n\t<meta property=\"og:image:type\" content=\"image\/webp\" \/>\n<meta name=\"author\" content=\"Productores de Sonrisas\" \/>\n<meta name=\"twitter:card\" content=\"summary_large_image\" \/>\n<meta name=\"twitter:label1\" content=\"Escrito por\" \/>\n\t<meta name=\"twitter:data1\" content=\"Productores de Sonrisas\" \/>\n\t<meta name=\"twitter:label2\" content=\"Tiempo de lectura\" \/>\n\t<meta name=\"twitter:data2\" content=\"5 minutos\" \/>\n<script type=\"application\/ld+json\" class=\"yoast-schema-graph\">{\"@context\":\"https:\/\/schema.org\",\"@graph\":[{\"@type\":\"WebPage\",\"@id\":\"https:\/\/parquemagicasnavidades.es\/noticias\/consejos\/navidad-en-torrejon-que-novedades-encontraras-en-magicas-navidades\/\",\"url\":\"https:\/\/parquemagicasnavidades.es\/noticias\/consejos\/navidad-en-torrejon-que-novedades-encontraras-en-magicas-navidades\/\",\"name\":\"Navidad en Torrej\u00f3n: novedades de M\u00e1gicas Navidades | M\u00e1gicas Navidades\",\"isPartOf\":{\"@id\":\"https:\/\/parquemagicasnavidades.es\/#website\"},\"primaryImageOfPage\":{\"@id\":\"https:\/\/parquemagicasnavidades.es\/noticias\/consejos\/navidad-en-torrejon-que-novedades-encontraras-en-magicas-navidades\/#primaryimage\"},\"image\":{\"@id\":\"https:\/\/parquemagicasnavidades.es\/noticias\/consejos\/navidad-en-torrejon-que-novedades-encontraras-en-magicas-navidades\/#primaryimage\"},\"thumbnailUrl\":\"https:\/\/parquemagicasnavidades.es\/wp-content\/uploads\/2025\/12\/MAGICAS-25_0268__RobertoSastre-scaled.webp\",\"datePublished\":\"2025-12-16T08:51:02+00:00\",\"dateModified\":\"2025-12-17T09:34:43+00:00\",\"author\":{\"@id\":\"https:\/\/parquemagicasnavidades.es\/#\/schema\/person\/3b30469af9b00f52f88879d699f3dfed\"},\"description\":\"Descubre las novedades de M\u00e1gicas Navidades en Torrej\u00f3n: nuevas zonas, espect\u00e1culos, horarios y consejos para disfrutar la Ciudad de la Navidad este a\u00f1o\",\"breadcrumb\":{\"@id\":\"https:\/\/parquemagicasnavidades.es\/noticias\/consejos\/navidad-en-torrejon-que-novedades-encontraras-en-magicas-navidades\/#breadcrumb\"},\"inLanguage\":\"es\",\"potentialAction\":[{\"@type\":\"ReadAction\",\"target\":[\"https:\/\/parquemagicasnavidades.es\/noticias\/consejos\/navidad-en-torrejon-que-novedades-encontraras-en-magicas-navidades\/\"]}]},{\"@type\":\"ImageObject\",\"inLanguage\":\"es\",\"@id\":\"https:\/\/parquemagicasnavidades.es\/noticias\/consejos\/navidad-en-torrejon-que-novedades-encontraras-en-magicas-navidades\/#primaryimage\",\"url\":\"https:\/\/parquemagicasnavidades.es\/wp-content\/uploads\/2025\/12\/MAGICAS-25_0268__RobertoSastre-scaled.webp\",\"contentUrl\":\"https:\/\/parquemagicasnavidades.es\/wp-content\/uploads\/2025\/12\/MAGICAS-25_0268__RobertoSastre-scaled.webp\",\"width\":2560,\"height\":1708,\"caption\":\"navidad torrejon\"},{\"@type\":\"BreadcrumbList\",\"@id\":\"https:\/\/parquemagicasnavidades.es\/noticias\/consejos\/navidad-en-torrejon-que-novedades-encontraras-en-magicas-navidades\/#breadcrumb\",\"itemListElement\":[{\"@type\":\"ListItem\",\"position\":1,\"name\":\"Portada\",\"item\":\"https:\/\/parquemagicasnavidades.es\/es\/\"},{\"@type\":\"ListItem\",\"position\":2,\"name\":\"Navidad en Torrej\u00f3n: \u00bfQu\u00e9 novedades encontrar\u00e1s en M\u00e1gicas Navidades?\"}]},{\"@type\":\"WebSite\",\"@id\":\"https:\/\/parquemagicasnavidades.es\/#website\",\"url\":\"https:\/\/parquemagicasnavidades.es\/\",\"name\":\"Parque M\u00e1gicas Navidades\",\"description\":\"\",\"potentialAction\":[{\"@type\":\"SearchAction\",\"target\":{\"@type\":\"EntryPoint\",\"urlTemplate\":\"https:\/\/parquemagicasnavidades.es\/?s={search_term_string}\"},\"query-input\":{\"@type\":\"PropertyValueSpecification\",\"valueRequired\":true,\"valueName\":\"search_term_string\"}}],\"inLanguage\":\"es\"},{\"@type\":\"Person\",\"@id\":\"https:\/\/parquemagicasnavidades.es\/#\/schema\/person\/3b30469af9b00f52f88879d699f3dfed\",\"name\":\"Productores de Sonrisas\",\"image\":{\"@type\":\"ImageObject\",\"inLanguage\":\"es\",\"@id\":\"https:\/\/parquemagicasnavidades.es\/#\/schema\/person\/image\/\",\"url\":\"https:\/\/secure.gravatar.com\/avatar\/c95b3ea3b92d729a1ba2d449260427bf5f37f4d4fa5ec7427c809ef7bc2d6038?s=96&d=mm&r=g\",\"contentUrl\":\"https:\/\/secure.gravatar.com\/avatar\/c95b3ea3b92d729a1ba2d449260427bf5f37f4d4fa5ec7427c809ef7bc2d6038?s=96&d=mm&r=g\",\"caption\":\"Productores de Sonrisas\"},\"url\":\"https:\/\/parquemagicasnavidades.es\/es\/noticias\/author\/alejandro\/\"}]}<\/script>\n<!-- \/ Yoast SEO plugin. -->","yoast_head_json":{"title":"Navidad en Torrej\u00f3n: novedades de M\u00e1gicas Navidades | M\u00e1gicas Navidades","description":"Descubre las novedades de M\u00e1gicas Navidades en Torrej\u00f3n: nuevas zonas, espect\u00e1culos, horarios y consejos para disfrutar la Ciudad de la Navidad este a\u00f1o","robots":{"index":"index","follow":"follow","max-snippet":"max-snippet:-1","max-image-preview":"max-image-preview:large","max-video-preview":"max-video-preview:-1"},"canonical":"https:\/\/parquemagicasnavidades.es\/es\/noticias\/consejos\/navidad-en-torrejon-que-novedades-encontraras-en-magicas-navidades\/","og_locale":"es_ES","og_type":"article","og_title":"Navidad en Torrej\u00f3n: novedades de M\u00e1gicas Navidades | M\u00e1gicas Navidades","og_description":"Descubre las novedades de M\u00e1gicas Navidades en Torrej\u00f3n: nuevas zonas, espect\u00e1culos, horarios y consejos para disfrutar la Ciudad de la Navidad este a\u00f1o","og_url":"https:\/\/parquemagicasnavidades.es\/es\/noticias\/consejos\/navidad-en-torrejon-que-novedades-encontraras-en-magicas-navidades\/","og_site_name":"Parque M\u00e1gicas Navidades","article_published_time":"2025-12-16T08:51:02+00:00","article_modified_time":"2025-12-17T09:34:43+00:00","og_image":[{"width":2560,"height":1708,"url":"https:\/\/parquemagicasnavidades.es\/wp-content\/uploads\/2025\/12\/MAGICAS-25_0268__RobertoSastre-scaled.webp","type":"image\/webp"}],"author":"Productores de Sonrisas","twitter_card":"summary_large_image","twitter_misc":{"Escrito por":"Productores de Sonrisas","Tiempo de lectura":"5 minutos"},"schema":{"@context":"https:\/\/schema.org","@graph":[{"@type":"WebPage","@id":"https:\/\/parquemagicasnavidades.es\/noticias\/consejos\/navidad-en-torrejon-que-novedades-encontraras-en-magicas-navidades\/","url":"https:\/\/parquemagicasnavidades.es\/noticias\/consejos\/navidad-en-torrejon-que-novedades-encontraras-en-magicas-navidades\/","name":"Navidad en Torrej\u00f3n: novedades de M\u00e1gicas Navidades | M\u00e1gicas Navidades","isPartOf":{"@id":"https:\/\/parquemagicasnavidades.es\/#website"},"primaryImageOfPage":{"@id":"https:\/\/parquemagicasnavidades.es\/noticias\/consejos\/navidad-en-torrejon-que-novedades-encontraras-en-magicas-navidades\/#primaryimage"},"image":{"@id":"https:\/\/parquemagicasnavidades.es\/noticias\/consejos\/navidad-en-torrejon-que-novedades-encontraras-en-magicas-navidades\/#primaryimage"},"thumbnailUrl":"https:\/\/parquemagicasnavidades.es\/wp-content\/uploads\/2025\/12\/MAGICAS-25_0268__RobertoSastre-scaled.webp","datePublished":"2025-12-16T08:51:02+00:00","dateModified":"2025-12-17T09:34:43+00:00","author":{"@id":"https:\/\/parquemagicasnavidades.es\/#\/schema\/person\/3b30469af9b00f52f88879d699f3dfed"},"description":"Descubre las novedades de M\u00e1gicas Navidades en Torrej\u00f3n: nuevas zonas, espect\u00e1culos, horarios y consejos para disfrutar la Ciudad de la Navidad este a\u00f1o","breadcrumb":{"@id":"https:\/\/parquemagicasnavidades.es\/noticias\/consejos\/navidad-en-torrejon-que-novedades-encontraras-en-magicas-navidades\/#breadcrumb"},"inLanguage":"es","potentialAction":[{"@type":"ReadAction","target":["https:\/\/parquemagicasnavidades.es\/noticias\/consejos\/navidad-en-torrejon-que-novedades-encontraras-en-magicas-navidades\/"]}]},{"@type":"ImageObject","inLanguage":"es","@id":"https:\/\/parquemagicasnavidades.es\/noticias\/consejos\/navidad-en-torrejon-que-novedades-encontraras-en-magicas-navidades\/#primaryimage","url":"https:\/\/parquemagicasnavidades.es\/wp-content\/uploads\/2025\/12\/MAGICAS-25_0268__RobertoSastre-scaled.webp","contentUrl":"https:\/\/parquemagicasnavidades.es\/wp-content\/uploads\/2025\/12\/MAGICAS-25_0268__RobertoSastre-scaled.webp","width":2560,"height":1708,"caption":"navidad torrejon"},{"@type":"BreadcrumbList","@id":"https:\/\/parquemagicasnavidades.es\/noticias\/consejos\/navidad-en-torrejon-que-novedades-encontraras-en-magicas-navidades\/#breadcrumb","itemListElement":[{"@type":"ListItem","position":1,"name":"Portada","item":"https:\/\/parquemagicasnavidades.es\/es\/"},{"@type":"ListItem","position":2,"name":"Navidad en Torrej\u00f3n: \u00bfQu\u00e9 novedades encontrar\u00e1s en M\u00e1gicas Navidades?"}]},{"@type":"WebSite","@id":"https:\/\/parquemagicasnavidades.es\/#website","url":"https:\/\/parquemagicasnavidades.es\/","name":"Parque M\u00e1gicas Navidades","description":"","potentialAction":[{"@type":"SearchAction","target":{"@type":"EntryPoint","urlTemplate":"https:\/\/parquemagicasnavidades.es\/?s={search_term_string}"},"query-input":{"@type":"PropertyValueSpecification","valueRequired":true,"valueName":"search_term_string"}}],"inLanguage":"es"},{"@type":"Person","@id":"https:\/\/parquemagicasnavidades.es\/#\/schema\/person\/3b30469af9b00f52f88879d699f3dfed","name":"Productores de Sonrisas","image":{"@type":"ImageObject","inLanguage":"es","@id":"https:\/\/parquemagicasnavidades.es\/#\/schema\/person\/image\/","url":"https:\/\/secure.gravatar.com\/avatar\/c95b3ea3b92d729a1ba2d449260427bf5f37f4d4fa5ec7427c809ef7bc2d6038?s=96&d=mm&r=g","contentUrl":"https:\/\/secure.gravatar.com\/avatar\/c95b3ea3b92d729a1ba2d449260427bf5f37f4d4fa5ec7427c809ef7bc2d6038?s=96&d=mm&r=g","caption":"Productores de Sonrisas"},"url":"https:\/\/parquemagicasnavidades.es\/es\/noticias\/author\/alejandro\/"}]}},"_links":{"self":[{"href":"https:\/\/parquemagicasnavidades.es\/es\/wp-json\/wp\/v2\/posts\/2433","targetHints":{"allow":["GET"]}}],"collection":[{"href":"https:\/\/parquemagicasnavidades.es\/es\/wp-json\/wp\/v2\/posts"}],"about":[{"href":"https:\/\/parquemagicasnavidades.es\/es\/wp-json\/wp\/v2\/types\/post"}],"author":[{"embeddable":true,"href":"https:\/\/parquemagicasnavidades.es\/es\/wp-json\/wp\/v2\/users\/3"}],"replies":[{"embeddable":true,"href":"https:\/\/parquemagicasnavidades.es\/es\/wp-json\/wp\/v2\/comments?post=2433"}],"version-history":[{"count":3,"href":"https:\/\/parquemagicasnavidades.es\/es\/wp-json\/wp\/v2\/posts\/2433\/revisions"}],"predecessor-version":[{"id":2437,"href":"https:\/\/parquemagicasnavidades.es\/es\/wp-json\/wp\/v2\/posts\/2433\/revisions\/2437"}],"wp:featuredmedia":[{"embeddable":true,"href":"https:\/\/parquemagicasnavidades.es\/es\/wp-json\/wp\/v2\/media\/2434"}],"wp:attachment":[{"href":"https:\/\/parquemagicasnavidades.es\/es\/wp-json\/wp\/v2\/media?parent=2433"}],"wp:term":[{"taxonomy":"category","embeddable":true,"href":"https:\/\/parquemagicasnavidades.es\/es\/wp-json\/wp\/v2\/categories?post=2433"},{"taxonomy":"post_tag","embeddable":true,"href":"https:\/\/parquemagicasnavidades.es\/es\/wp-json\/wp\/v2\/tags?post=2433"}],"curies":[{"name":"wp","href":"https:\/\/api.w.org\/{rel}","templated":true}]}}